{"id":2661,"date":"2022-05-30T15:08:00","date_gmt":"2022-05-30T15:08:00","guid":{"rendered":"http:\/\/0p0pzxvxd.preview.infomaniak.website\/?p=2661"},"modified":"2025-05-15T23:34:30","modified_gmt":"2025-05-15T22:34:30","slug":"larchitecte-dinterieur-sublime-banal-projet-salle-bain","status":"publish","type":"post","link":"https:\/\/www.devismaisonenbois.com\/blog\/larchitecte-dinterieur-sublime-banal-projet-salle-bain","title":{"rendered":"Quand l\u2019architecte d\u2019int\u00e9rieur sublime un banal projet de salle de bain"},"content":{"rendered":"<p><strong>R\u00e9novation, d\u00e9coration int\u00e9rieure, les professionnels comme les particuliers font souvent appel \u00e0 un architecte d\u2019int\u00e9rieur pour dessiner leur projet, red\u00e9finir l\u2019espace et suivre les travaux. Mais quel est pr\u00e9cis\u00e9ment le r\u00f4le de l\u2019architecte d\u2019int\u00e9rieur et que peut-il apporter, par exemple, \u00e0 un projet de salle de bain ?<\/strong><\/p>\n<h2>Le r\u00f4le de l&rsquo;architecte d&rsquo;int\u00e9rieur<\/h2>\n<p>Architecte d&rsquo;int\u00e9rieur qualifi\u00e9, ce designer a une formation en architecture et arts appliqu\u00e9s. Il peut ainsi modifier, en toute s\u00e9curit\u00e9, la structure d\u2019une pi\u00e8ce en ouvrant ou supprimant un mur porteur, et m\u00e8ne sa proposition artistique jusqu\u2019au choix du meuble de salle de bain ou l\u2019achat d\u2019une vasque \u00e0 poser. On le choisit pour ses r\u00e9alisations, son talent de ma\u00eetre d&rsquo;oeuvre, mais aussi son carnet d\u2019adresses (artisans d\u2019art, professionnels du b\u00e2timent&#8230;).<\/p>\n<p><a href=\"https:\/\/www.devismaisonenbois.com\/blog\/wp-content\/uploads\/2014\/08\/salle-de-bain.jpg\"><img loading=\"lazy\" decoding=\"async\" class=\"aligncenter size-medium wp-image-2662\" src=\"https:\/\/www.devismaisonenbois.com\/blog\/wp-content\/uploads\/2014\/08\/salle-de-bain-300x199.jpg\" alt=\"Salle de bain\" width=\"300\" height=\"199\" \/><\/a><\/p>\n<h2>Salles de bain d\u2019exception<\/h2>\n<p>M\u00eame dans un lieu aussi fonctionnel et prosa\u00efque qu\u2019une salle d\u2019eau, les lavabos d\u2019un mus\u00e9e, d\u2019une fondation priv\u00e9e ou les <strong>salles de bain<\/strong> d\u2019un h\u00f4tel de luxe, l\u2019architecte d\u2019int\u00e9rieur apporte sa vision d\u2019artiste et conseille le choix d\u2019un lave-main, d\u2019une vasque de salle de bain (vasque sur pied ou \u00e0 poser), d\u2019un lavabo en pierre ou d\u2019un mitigeur design.<\/p>\n<p><strong><a href=\"https:\/\/www.devismaisonenbois.com\/blog\/wp-content\/uploads\/2014\/08\/salle-de-bain-turquoise.jpg\"><img loading=\"lazy\" decoding=\"async\" class=\"aligncenter size-medium wp-image-2663\" src=\"https:\/\/www.devismaisonenbois.com\/blog\/wp-content\/uploads\/2014\/08\/salle-de-bain-turquoise-300x215.jpg\" alt=\"Salle de bain turquoise\" width=\"300\" height=\"215\" srcset=\"https:\/\/www.devismaisonenbois.com\/blog\/wp-content\/uploads\/2014\/08\/salle-de-bain-turquoise-300x215.jpg 300w, https:\/\/www.devismaisonenbois.com\/blog\/wp-content\/uploads\/2014\/08\/salle-de-bain-turquoise-140x100.jpg 140w, https:\/\/www.devismaisonenbois.com\/blog\/wp-content\/uploads\/2014\/08\/salle-de-bain-turquoise.jpg 909w\" sizes=\"auto, (max-width: 300px) 100vw, 300px\" \/><\/a>Recr\u00e9er l\u2019esprit des lieux en profitant des derni\u00e8res innovations<br \/>\n<\/strong><br \/>\nUne baignoire en pierre et sa vasque en pierre naturelle dans un spa de luxe, un \u00e9vier en pierre pour la salle de bain d\u2019un ch\u00e2teau, une vasque en pierre sur un meuble de salle de bain en teck dans un appartement contemporain, pour ces \u00e9quipements, il choisit aussi les mat\u00e9riaux et fait appel aux artisans les plus pointus, capables de tailler un lave-main en pierre ou une vasque en marbre dans la masse ou de proposer une vasque en bois fossile aussi rare qu\u2019unique pour une d\u00e9coration sophistiqu\u00e9e et des r\u00e9alisations d\u2019exception.<\/p>\n","protected":false},"excerpt":{"rendered":"<p>R\u00e9novation, d\u00e9coration int\u00e9rieure, les professionnels comme les particuliers font souvent appel \u00e0 un architecte d\u2019int\u00e9rieur pour dessiner leur projet, red\u00e9finir l\u2019espace et suivre les travaux. Mais quel est pr\u00e9cis\u00e9ment le r\u00f4le de l\u2019architecte d\u2019int\u00e9rieur et que peut-il apporter, par exemple, \u00e0 un projet de salle de bain ? Le r\u00f4le de l&rsquo;architecte d&rsquo;int\u00e9rieur Architecte d&rsquo;int\u00e9rieur qualifi\u00e9, ce designer a une formation en architecture et arts appliqu\u00e9s. Il peut ainsi modifier, en toute s\u00e9curit\u00e9, la structure d\u2019une pi\u00e8ce en ouvrant ou supprimant un mur porteur, et m\u00e8ne sa proposition artistique jusqu\u2019au choix du meuble de salle de bain ou l\u2019achat d\u2019une <\/p>\n","protected":false},"author":1,"featured_media":2662,"comment_status":"open","ping_status":"open","sticky":false,"template":"","format":"standard","meta":{"footnotes":""},"categories":[32],"tags":[5,108],"class_list":["post-2661","post","type-post","status-publish","format-standard","has-post-thumbnail","hentry","category-revetement","tag-devis","tag-salle-de-bain","has_thumb"],"yoast_head":"<!-- This site is optimized with the Yoast SEO plugin v27.4 - https:\/\/yoast.com\/product\/yoast-seo-wordpress\/ -->\n<title>Quand l\u2019architecte d\u2019int\u00e9rieur sublime un banal projet de salle de bain<\/title>\n<meta name=\"description\" content=\"Quel est pr\u00e9cis\u00e9ment le r\u00f4le de l\u2019architecte d\u2019int\u00e9rieur et que peut-il apporter, par exemple, \u00e0 un projet de salle de bain ?\" \/>\n<meta name=\"robots\" content=\"index, follow, max-snippet:-1, max-image-preview:large, max-video-preview:-1\" \/>\n<link rel=\"canonical\" href=\"https:\/\/www.devismaisonenbois.com\/blog\/larchitecte-dinterieur-sublime-banal-projet-salle-bain\" \/>\n<meta property=\"og:locale\" content=\"fr_FR\" \/>\n<meta property=\"og:type\" content=\"article\" \/>\n<meta property=\"og:title\" content=\"Quand l\u2019architecte d\u2019int\u00e9rieur sublime un banal projet de salle de bain\" \/>\n<meta property=\"og:description\" content=\"Quel est pr\u00e9cis\u00e9ment le r\u00f4le de l\u2019architecte d\u2019int\u00e9rieur et que peut-il apporter, par exemple, \u00e0 un projet de salle de bain ?\" \/>\n<meta property=\"og:url\" content=\"https:\/\/www.devismaisonenbois.com\/blog\/larchitecte-dinterieur-sublime-banal-projet-salle-bain\" \/>\n<meta property=\"og:site_name\" content=\"Devis maison bois et maison bois en kit\" \/>\n<meta property=\"article:publisher\" content=\"https:\/\/www.facebook.com\/DevisMaisonEnBois\" \/>\n<meta property=\"article:author\" content=\"https:\/\/fr-fr.facebook.com\/DevisMaisonEnBois\u200e\" \/>\n<meta property=\"article:published_time\" content=\"2022-05-30T15:08:00+00:00\" \/>\n<meta property=\"article:modified_time\" content=\"2025-05-15T22:34:30+00:00\" \/>\n<meta property=\"og:image\" content=\"https:\/\/www.devismaisonenbois.com\/blog\/wp-content\/uploads\/2014\/08\/salle-de-bain.jpg\" \/>\n\t<meta property=\"og:image:width\" content=\"500\" \/>\n\t<meta property=\"og:image:height\" content=\"333\" \/>\n\t<meta property=\"og:image:type\" content=\"image\/jpeg\" \/>\n<meta name=\"author\" content=\"Devisso\" \/>\n<meta name=\"twitter:card\" content=\"summary_large_image\" \/>\n<meta name=\"twitter:creator\" content=\"@devismaisonbois\" \/>\n<meta name=\"twitter:site\" content=\"@devismaisonbois\" \/>\n<meta name=\"twitter:label1\" content=\"\u00c9crit par\" \/>\n\t<meta name=\"twitter:data1\" content=\"Devisso\" \/>\n\t<meta name=\"twitter:label2\" content=\"Dur\u00e9e de lecture estim\u00e9e\" \/>\n\t<meta name=\"twitter:data2\" content=\"3 minutes\" \/>\n<script type=\"application\/ld+json\" class=\"yoast-schema-graph\">{\"@context\":\"https:\\\/\\\/schema.org\",\"@graph\":[{\"@type\":\"Article\",\"@id\":\"https:\\\/\\\/www.devismaisonenbois.com\\\/blog\\\/larchitecte-dinterieur-sublime-banal-projet-salle-bain#article\",\"isPartOf\":{\"@id\":\"https:\\\/\\\/www.devismaisonenbois.com\\\/blog\\\/larchitecte-dinterieur-sublime-banal-projet-salle-bain\"},\"author\":{\"name\":\"Devisso\",\"@id\":\"https:\\\/\\\/www.devismaisonenbois.com\\\/blog\\\/#\\\/schema\\\/person\\\/48a04472e520d003d8f0e09f2f5fa6e6\"},\"headline\":\"Quand l\u2019architecte d\u2019int\u00e9rieur sublime un banal projet de salle de bain\",\"datePublished\":\"2022-05-30T15:08:00+00:00\",\"dateModified\":\"2025-05-15T22:34:30+00:00\",\"mainEntityOfPage\":{\"@id\":\"https:\\\/\\\/www.devismaisonenbois.com\\\/blog\\\/larchitecte-dinterieur-sublime-banal-projet-salle-bain\"},\"wordCount\":361,\"commentCount\":0,\"publisher\":{\"@id\":\"https:\\\/\\\/www.devismaisonenbois.com\\\/blog\\\/#organization\"},\"image\":{\"@id\":\"https:\\\/\\\/www.devismaisonenbois.com\\\/blog\\\/larchitecte-dinterieur-sublime-banal-projet-salle-bain#primaryimage\"},\"thumbnailUrl\":\"https:\\\/\\\/www.devismaisonenbois.com\\\/blog\\\/wp-content\\\/uploads\\\/2014\\\/08\\\/salle-de-bain.jpg\",\"keywords\":[\"devis\",\"Salle de bain\"],\"articleSection\":[\"Rev\u00eatement\"],\"inLanguage\":\"fr-FR\",\"potentialAction\":[{\"@type\":\"CommentAction\",\"name\":\"Comment\",\"target\":[\"https:\\\/\\\/www.devismaisonenbois.com\\\/blog\\\/larchitecte-dinterieur-sublime-banal-projet-salle-bain#respond\"]}]},{\"@type\":\"WebPage\",\"@id\":\"https:\\\/\\\/www.devismaisonenbois.com\\\/blog\\\/larchitecte-dinterieur-sublime-banal-projet-salle-bain\",\"url\":\"https:\\\/\\\/www.devismaisonenbois.com\\\/blog\\\/larchitecte-dinterieur-sublime-banal-projet-salle-bain\",\"name\":\"Quand l\u2019architecte d\u2019int\u00e9rieur sublime un banal projet de salle de bain\",\"isPartOf\":{\"@id\":\"https:\\\/\\\/www.devismaisonenbois.com\\\/blog\\\/#website\"},\"primaryImageOfPage\":{\"@id\":\"https:\\\/\\\/www.devismaisonenbois.com\\\/blog\\\/larchitecte-dinterieur-sublime-banal-projet-salle-bain#primaryimage\"},\"image\":{\"@id\":\"https:\\\/\\\/www.devismaisonenbois.com\\\/blog\\\/larchitecte-dinterieur-sublime-banal-projet-salle-bain#primaryimage\"},\"thumbnailUrl\":\"https:\\\/\\\/www.devismaisonenbois.com\\\/blog\\\/wp-content\\\/uploads\\\/2014\\\/08\\\/salle-de-bain.jpg\",\"datePublished\":\"2022-05-30T15:08:00+00:00\",\"dateModified\":\"2025-05-15T22:34:30+00:00\",\"description\":\"Quel est pr\u00e9cis\u00e9ment le r\u00f4le de l\u2019architecte d\u2019int\u00e9rieur et que peut-il apporter, par exemple, \u00e0 un projet de salle de bain ?\",\"inLanguage\":\"fr-FR\",\"potentialAction\":[{\"@type\":\"ReadAction\",\"target\":[\"https:\\\/\\\/www.devismaisonenbois.com\\\/blog\\\/larchitecte-dinterieur-sublime-banal-projet-salle-bain\"]}]},{\"@type\":\"ImageObject\",\"inLanguage\":\"fr-FR\",\"@id\":\"https:\\\/\\\/www.devismaisonenbois.com\\\/blog\\\/larchitecte-dinterieur-sublime-banal-projet-salle-bain#primaryimage\",\"url\":\"https:\\\/\\\/www.devismaisonenbois.com\\\/blog\\\/wp-content\\\/uploads\\\/2014\\\/08\\\/salle-de-bain.jpg\",\"contentUrl\":\"https:\\\/\\\/www.devismaisonenbois.com\\\/blog\\\/wp-content\\\/uploads\\\/2014\\\/08\\\/salle-de-bain.jpg\",\"width\":500,\"height\":333,\"caption\":\"Salle de bain\"},{\"@type\":\"WebSite\",\"@id\":\"https:\\\/\\\/www.devismaisonenbois.com\\\/blog\\\/#website\",\"url\":\"https:\\\/\\\/www.devismaisonenbois.com\\\/blog\\\/\",\"name\":\"Devis maison bois et maison bois en kit\",\"description\":\"Construction de maison bois et maison bois en kit\",\"publisher\":{\"@id\":\"https:\\\/\\\/www.devismaisonenbois.com\\\/blog\\\/#organization\"},\"potentialAction\":[{\"@type\":\"SearchAction\",\"target\":{\"@type\":\"EntryPoint\",\"urlTemplate\":\"https:\\\/\\\/www.devismaisonenbois.com\\\/blog\\\/?s={search_term_string}\"},\"query-input\":{\"@type\":\"PropertyValueSpecification\",\"valueRequired\":true,\"valueName\":\"search_term_string\"}}],\"inLanguage\":\"fr-FR\"},{\"@type\":\"Organization\",\"@id\":\"https:\\\/\\\/www.devismaisonenbois.com\\\/blog\\\/#organization\",\"name\":\"Devis Maison en Bois\",\"url\":\"https:\\\/\\\/www.devismaisonenbois.com\\\/blog\\\/\",\"logo\":{\"@type\":\"ImageObject\",\"inLanguage\":\"fr-FR\",\"@id\":\"https:\\\/\\\/www.devismaisonenbois.com\\\/blog\\\/#\\\/schema\\\/logo\\\/image\\\/\",\"url\":\"https:\\\/\\\/www.devismaisonenbois.com\\\/blog\\\/wp-content\\\/uploads\\\/2016\\\/02\\\/logo.png\",\"contentUrl\":\"https:\\\/\\\/www.devismaisonenbois.com\\\/blog\\\/wp-content\\\/uploads\\\/2016\\\/02\\\/logo.png\",\"width\":195,\"height\":77,\"caption\":\"Devis Maison en Bois\"},\"image\":{\"@id\":\"https:\\\/\\\/www.devismaisonenbois.com\\\/blog\\\/#\\\/schema\\\/logo\\\/image\\\/\"},\"sameAs\":[\"https:\\\/\\\/www.facebook.com\\\/DevisMaisonEnBois\",\"https:\\\/\\\/x.com\\\/devismaisonbois\"]},{\"@type\":\"Person\",\"@id\":\"https:\\\/\\\/www.devismaisonenbois.com\\\/blog\\\/#\\\/schema\\\/person\\\/48a04472e520d003d8f0e09f2f5fa6e6\",\"name\":\"Devisso\",\"image\":{\"@type\":\"ImageObject\",\"inLanguage\":\"fr-FR\",\"@id\":\"https:\\\/\\\/secure.gravatar.com\\\/avatar\\\/fb79d3f0c500c7fe56a2b384b0354976caf4edc568ebd82ab9a615342aad534c?s=96&r=g\",\"url\":\"https:\\\/\\\/secure.gravatar.com\\\/avatar\\\/fb79d3f0c500c7fe56a2b384b0354976caf4edc568ebd82ab9a615342aad534c?s=96&r=g\",\"contentUrl\":\"https:\\\/\\\/secure.gravatar.com\\\/avatar\\\/fb79d3f0c500c7fe56a2b384b0354976caf4edc568ebd82ab9a615342aad534c?s=96&r=g\",\"caption\":\"Devisso\"},\"description\":\"Suivez nous sur Twitter: @devismaisonbois et Facebook: devismaisonenbois\",\"sameAs\":[\"https:\\\/\\\/www.devismaisonenbois.com\\\/\",\"https:\\\/\\\/fr-fr.facebook.com\\\/DevisMaisonEnBois\u200e\",\"https:\\\/\\\/x.com\\\/devismaisonbois\"]}]}<\/script>\n<!-- \/ Yoast SEO plugin. -->","yoast_head_json":{"title":"Quand l\u2019architecte d\u2019int\u00e9rieur sublime un banal projet de salle de bain","description":"Quel est pr\u00e9cis\u00e9ment le r\u00f4le de l\u2019architecte d\u2019int\u00e9rieur et que peut-il apporter, par exemple, \u00e0 un projet de salle de bain ?","robots":{"index":"index","follow":"follow","max-snippet":"max-snippet:-1","max-image-preview":"max-image-preview:large","max-video-preview":"max-video-preview:-1"},"canonical":"https:\/\/www.devismaisonenbois.com\/blog\/larchitecte-dinterieur-sublime-banal-projet-salle-bain","og_locale":"fr_FR","og_type":"article","og_title":"Quand l\u2019architecte d\u2019int\u00e9rieur sublime un banal projet de salle de bain","og_description":"Quel est pr\u00e9cis\u00e9ment le r\u00f4le de l\u2019architecte d\u2019int\u00e9rieur et que peut-il apporter, par exemple, \u00e0 un projet de salle de bain ?","og_url":"https:\/\/www.devismaisonenbois.com\/blog\/larchitecte-dinterieur-sublime-banal-projet-salle-bain","og_site_name":"Devis maison bois et maison bois en kit","article_publisher":"https:\/\/www.facebook.com\/DevisMaisonEnBois","article_author":"https:\/\/fr-fr.facebook.com\/DevisMaisonEnBois\u200e","article_published_time":"2022-05-30T15:08:00+00:00","article_modified_time":"2025-05-15T22:34:30+00:00","og_image":[{"width":500,"height":333,"url":"https:\/\/www.devismaisonenbois.com\/blog\/wp-content\/uploads\/2014\/08\/salle-de-bain.jpg","type":"image\/jpeg"}],"author":"Devisso","twitter_card":"summary_large_image","twitter_creator":"@devismaisonbois","twitter_site":"@devismaisonbois","twitter_misc":{"\u00c9crit par":"Devisso","Dur\u00e9e de lecture estim\u00e9e":"3 minutes"},"schema":{"@context":"https:\/\/schema.org","@graph":[{"@type":"Article","@id":"https:\/\/www.devismaisonenbois.com\/blog\/larchitecte-dinterieur-sublime-banal-projet-salle-bain#article","isPartOf":{"@id":"https:\/\/www.devismaisonenbois.com\/blog\/larchitecte-dinterieur-sublime-banal-projet-salle-bain"},"author":{"name":"Devisso","@id":"https:\/\/www.devismaisonenbois.com\/blog\/#\/schema\/person\/48a04472e520d003d8f0e09f2f5fa6e6"},"headline":"Quand l\u2019architecte d\u2019int\u00e9rieur sublime un banal projet de salle de bain","datePublished":"2022-05-30T15:08:00+00:00","dateModified":"2025-05-15T22:34:30+00:00","mainEntityOfPage":{"@id":"https:\/\/www.devismaisonenbois.com\/blog\/larchitecte-dinterieur-sublime-banal-projet-salle-bain"},"wordCount":361,"commentCount":0,"publisher":{"@id":"https:\/\/www.devismaisonenbois.com\/blog\/#organization"},"image":{"@id":"https:\/\/www.devismaisonenbois.com\/blog\/larchitecte-dinterieur-sublime-banal-projet-salle-bain#primaryimage"},"thumbnailUrl":"https:\/\/www.devismaisonenbois.com\/blog\/wp-content\/uploads\/2014\/08\/salle-de-bain.jpg","keywords":["devis","Salle de bain"],"articleSection":["Rev\u00eatement"],"inLanguage":"fr-FR","potentialAction":[{"@type":"CommentAction","name":"Comment","target":["https:\/\/www.devismaisonenbois.com\/blog\/larchitecte-dinterieur-sublime-banal-projet-salle-bain#respond"]}]},{"@type":"WebPage","@id":"https:\/\/www.devismaisonenbois.com\/blog\/larchitecte-dinterieur-sublime-banal-projet-salle-bain","url":"https:\/\/www.devismaisonenbois.com\/blog\/larchitecte-dinterieur-sublime-banal-projet-salle-bain","name":"Quand l\u2019architecte d\u2019int\u00e9rieur sublime un banal projet de salle de bain","isPartOf":{"@id":"https:\/\/www.devismaisonenbois.com\/blog\/#website"},"primaryImageOfPage":{"@id":"https:\/\/www.devismaisonenbois.com\/blog\/larchitecte-dinterieur-sublime-banal-projet-salle-bain#primaryimage"},"image":{"@id":"https:\/\/www.devismaisonenbois.com\/blog\/larchitecte-dinterieur-sublime-banal-projet-salle-bain#primaryimage"},"thumbnailUrl":"https:\/\/www.devismaisonenbois.com\/blog\/wp-content\/uploads\/2014\/08\/salle-de-bain.jpg","datePublished":"2022-05-30T15:08:00+00:00","dateModified":"2025-05-15T22:34:30+00:00","description":"Quel est pr\u00e9cis\u00e9ment le r\u00f4le de l\u2019architecte d\u2019int\u00e9rieur et que peut-il apporter, par exemple, \u00e0 un projet de salle de bain ?","inLanguage":"fr-FR","potentialAction":[{"@type":"ReadAction","target":["https:\/\/www.devismaisonenbois.com\/blog\/larchitecte-dinterieur-sublime-banal-projet-salle-bain"]}]},{"@type":"ImageObject","inLanguage":"fr-FR","@id":"https:\/\/www.devismaisonenbois.com\/blog\/larchitecte-dinterieur-sublime-banal-projet-salle-bain#primaryimage","url":"https:\/\/www.devismaisonenbois.com\/blog\/wp-content\/uploads\/2014\/08\/salle-de-bain.jpg","contentUrl":"https:\/\/www.devismaisonenbois.com\/blog\/wp-content\/uploads\/2014\/08\/salle-de-bain.jpg","width":500,"height":333,"caption":"Salle de bain"},{"@type":"WebSite","@id":"https:\/\/www.devismaisonenbois.com\/blog\/#website","url":"https:\/\/www.devismaisonenbois.com\/blog\/","name":"Devis maison bois et maison bois en kit","description":"Construction de maison bois et maison bois en kit","publisher":{"@id":"https:\/\/www.devismaisonenbois.com\/blog\/#organization"},"potentialAction":[{"@type":"SearchAction","target":{"@type":"EntryPoint","urlTemplate":"https:\/\/www.devismaisonenbois.com\/blog\/?s={search_term_string}"},"query-input":{"@type":"PropertyValueSpecification","valueRequired":true,"valueName":"search_term_string"}}],"inLanguage":"fr-FR"},{"@type":"Organization","@id":"https:\/\/www.devismaisonenbois.com\/blog\/#organization","name":"Devis Maison en Bois","url":"https:\/\/www.devismaisonenbois.com\/blog\/","logo":{"@type":"ImageObject","inLanguage":"fr-FR","@id":"https:\/\/www.devismaisonenbois.com\/blog\/#\/schema\/logo\/image\/","url":"https:\/\/www.devismaisonenbois.com\/blog\/wp-content\/uploads\/2016\/02\/logo.png","contentUrl":"https:\/\/www.devismaisonenbois.com\/blog\/wp-content\/uploads\/2016\/02\/logo.png","width":195,"height":77,"caption":"Devis Maison en Bois"},"image":{"@id":"https:\/\/www.devismaisonenbois.com\/blog\/#\/schema\/logo\/image\/"},"sameAs":["https:\/\/www.facebook.com\/DevisMaisonEnBois","https:\/\/x.com\/devismaisonbois"]},{"@type":"Person","@id":"https:\/\/www.devismaisonenbois.com\/blog\/#\/schema\/person\/48a04472e520d003d8f0e09f2f5fa6e6","name":"Devisso","image":{"@type":"ImageObject","inLanguage":"fr-FR","@id":"https:\/\/secure.gravatar.com\/avatar\/fb79d3f0c500c7fe56a2b384b0354976caf4edc568ebd82ab9a615342aad534c?s=96&r=g","url":"https:\/\/secure.gravatar.com\/avatar\/fb79d3f0c500c7fe56a2b384b0354976caf4edc568ebd82ab9a615342aad534c?s=96&r=g","contentUrl":"https:\/\/secure.gravatar.com\/avatar\/fb79d3f0c500c7fe56a2b384b0354976caf4edc568ebd82ab9a615342aad534c?s=96&r=g","caption":"Devisso"},"description":"Suivez nous sur Twitter: @devismaisonbois et Facebook: devismaisonenbois","sameAs":["https:\/\/www.devismaisonenbois.com\/","https:\/\/fr-fr.facebook.com\/DevisMaisonEnBois\u200e","https:\/\/x.com\/devismaisonbois"]}]}},"_links":{"self":[{"href":"https:\/\/www.devismaisonenbois.com\/blog\/wp-json\/wp\/v2\/posts\/2661","targetHints":{"allow":["GET"]}}],"collection":[{"href":"https:\/\/www.devismaisonenbois.com\/blog\/wp-json\/wp\/v2\/posts"}],"about":[{"href":"https:\/\/www.devismaisonenbois.com\/blog\/wp-json\/wp\/v2\/types\/post"}],"author":[{"embeddable":true,"href":"https:\/\/www.devismaisonenbois.com\/blog\/wp-json\/wp\/v2\/users\/1"}],"replies":[{"embeddable":true,"href":"https:\/\/www.devismaisonenbois.com\/blog\/wp-json\/wp\/v2\/comments?post=2661"}],"version-history":[{"count":1,"href":"https:\/\/www.devismaisonenbois.com\/blog\/wp-json\/wp\/v2\/posts\/2661\/revisions"}],"predecessor-version":[{"id":3960,"href":"https:\/\/www.devismaisonenbois.com\/blog\/wp-json\/wp\/v2\/posts\/2661\/revisions\/3960"}],"wp:featuredmedia":[{"embeddable":true,"href":"https:\/\/www.devismaisonenbois.com\/blog\/wp-json\/wp\/v2\/media\/2662"}],"wp:attachment":[{"href":"https:\/\/www.devismaisonenbois.com\/blog\/wp-json\/wp\/v2\/media?parent=2661"}],"wp:term":[{"taxonomy":"category","embeddable":true,"href":"https:\/\/www.devismaisonenbois.com\/blog\/wp-json\/wp\/v2\/categories?post=2661"},{"taxonomy":"post_tag","embeddable":true,"href":"https:\/\/www.devismaisonenbois.com\/blog\/wp-json\/wp\/v2\/tags?post=2661"}],"curies":[{"name":"wp","href":"https:\/\/api.w.org\/{rel}","templated":true}]}}